{"id":4638,"date":"2024-06-10T21:47:06","date_gmt":"2024-06-10T21:47:06","guid":{"rendered":"https:\/\/lacorregidora.com.mx\/?p=4638"},"modified":"2024-06-10T21:47:08","modified_gmt":"2024-06-10T21:47:08","slug":"los-afectados-por-el-derrame-toxico-del-grupo-mexico-en-sonora-piden-justicia-a-sheinbaum","status":"publish","type":"post","link":"https:\/\/ciudadstream.org\/2024\/06\/10\/los-afectados-por-el-derrame-toxico-del-grupo-mexico-en-sonora-piden-justicia-a-sheinbaum\/","title":{"rendered":"Los afectados por el derrame t\u00f3xico del Grupo M\u00e9xico en Sonora piden justicia a Sheinbaum"},"content":{"rendered":"\n<p>El movimiento demanda atenci\u00f3n especializada en toxicolog\u00eda y la reparaci\u00f3n total del da\u00f1o<\/p>\n\n\n\n<p>A casi 10 a\u00f1os del derrame t\u00f3xico de la mina Buenavista del Cobre que contamin\u00f3 el r\u00edo Sonora, los afectados pidieron a la pr\u00f3xima presidenta, Claudia Sheinbaum, justicia y frenar la impunidad que Grupo M\u00e9xico ha vivido durante los dos \u00faltimos Gobiernos.<\/p>\n\n\n\n<p>\u00abLos Comit\u00e9s de Cuenca R\u00edo Sonora viajamos m\u00e1s de 1.500 kil\u00f3metros hasta llegar a Palacio Nacional para exigir a las autoridades que pongan ya un alto a la impunidad en la que ha estado Grupo M\u00e9xico desde hace casi 10 a\u00f1os\u00bb, se\u00f1alaron en un pronunciamiento p\u00fablico.<\/p>\n\n\n\n<p>Adem\u00e1s, proyectaron durante la noche del domingo mensajes en la fachada del Palacio Nacional, donde radica y trabaja el actual presidente mexicano Andr\u00e9s Manuel L\u00f3pez Obrador, en los que se le\u00eda: &#8216;Claudia: frena la impunidad en el r\u00edo Sonora&#8217; y &#8216;Grupo M\u00e9xico; dos sexenios en la impunidad&#8217;.<\/p>\n\n\n\n<p>Los Comit\u00e9s de Cuenca R\u00edo Sonora, un movimiento de personas afectadas por el derrame t\u00f3xico en los r\u00edos Sonora y Bacanuchi, pidieron a Sheinbaum cuatro puntos focales.<\/p>\n\n\n\n<p>Entre ellos, que frene la impunidad de la minera Grupo M\u00e9xico, pues acusaron se roba la riqueza de su regi\u00f3n y deja a cambio enfermedades y muerte.<\/p>\n\n\n\n<p>Recordaron que el derrame de 40 millones de litros de t\u00f3xicos que ocasion\u00f3 la empresa en 2014 a\u00fan tiene efectos sobre su salud f\u00edsica y mental, as\u00ed como en el medioambiente al contener la presencia de metales pesados.<\/p>\n\n\n\n<p>\u00abQuienes vivimos en el r\u00edo tenemos en nuestros cuerpos altos niveles de plomo, cadmio, ars\u00e9nico y otros metales pesados; hemos perdido amigos y familiares por las enfermedades que causan estos contaminantes, y nadie nos ha dado atenci\u00f3n a la salud especializada en toxicolog\u00eda\u00bb.<\/p>\n\n\n\n<p>Adem\u00e1s, alertaron que los menores toman agua contaminada en las escuelas, pues dict\u00e1menes oficiales confirman que todos los pozos que son fuente de agua potable tienen ars\u00e9nico y 50 por ciento de ellos altos niveles de alg\u00fan contaminante.<\/p>\n\n\n\n<p>\u00abAdem\u00e1s, no existen las 36 plantas potabilizadoras que nos han prometido todos estos a\u00f1os\u00bb, a\u00f1adieron.<\/p>\n\n\n\n<p>Por ello, tambi\u00e9n piden acceso a agua potable libre de estos contaminantes y la llegada de las plantas que se prometieron.<\/p>\n\n\n\n<p>Tambi\u00e9n pidieron dejar de simular la atenci\u00f3n a su salud, atenci\u00f3n especializada en toxicolog\u00eda y la reparaci\u00f3n total del da\u00f1o y garant\u00edas de no reparaci\u00f3n para la empresa minera.<\/p>\n\n\n\n<p>\u00abNo descansaremos hasta ver justicia para nuestras comunidades. No permitiremos que la impunidad de Grupo M\u00e9xico siga destruyendo nuestras vidas\u00bb, advirtieron.<\/p>\n\n\n\n<p>Los pobladores que viven cerca de los r\u00edos contaminados consideraron que la pr\u00f3xima presidenta \u201ctiene todo a su favor para ordenar la coordinaci\u00f3n institucional que tanta falta ha hecho\u201d y que no se dio durante el sexenio de L\u00f3pez Obrador.<\/p>\n\n\n\n<p>\u00abEn su administraci\u00f3n (de Sheinbaum), las audiencias que se nos han negado pueden concretarse, y con ello, la enorme oportunidad de trabajar en conjunto con las v\u00edctimas para lograr justicia y reparaci\u00f3n integral\u00bb, concluyeron.<\/p>\n\n\n\n<p>El 6 de agosto de 2014 ocurri\u00f3 el que ha sido considerado como el mayor desastre ecol\u00f3gico en la historia de la miner\u00eda por el derrame t\u00f3xico que dej\u00f3 atestado de metales pesados los r\u00edos Sonora y Bacanuchi que atraviesan los municipios de Cananea, Ures, Huepac, Ban\u00e1michi, Aconchi, San Felipe de Jes\u00fas, Baviacora y Arizpe, en el estado de Sonora, noroeste del pa\u00eds.<\/p>\n","protected":false},"excerpt":{"rendered":"<p>El movimiento demanda atenci\u00f3n especializada en toxicolog\u00eda y la reparaci\u00f3n total del da\u00f1o A casi 10 a\u00f1os del derrame t\u00f3xico de la mina Buenavista del Cobre que contamin\u00f3 el r\u00edo Sonora, los afectados pidieron a la pr\u00f3xima presidenta, Claudia Sheinbaum, justicia y frenar la impunidad que Grupo M\u00e9xico ha vivido durante los dos \u00faltimos Gobiernos. [&hellip;]<\/p>\n","protected":false},"author":1,"featured_media":4639,"comment_status":"closed","ping_status":"open","sticky":false,"template":"","format":"standard","meta":{"footnotes":""},"categories":[13],"tags":[],"class_list":["post-4638","post","type-post","status-publish","format-standard","has-post-thumbnail","hentry","category-nacional"],"_links":{"self":[{"href":"https:\/\/ciudadstream.org\/wp-json\/wp\/v2\/posts\/4638","targetHints":{"allow":["GET"]}}],"collection":[{"href":"https:\/\/ciudadstream.org\/wp-json\/wp\/v2\/posts"}],"about":[{"href":"https:\/\/ciudadstream.org\/wp-json\/wp\/v2\/types\/post"}],"author":[{"embeddable":true,"href":"https:\/\/ciudadstream.org\/wp-json\/wp\/v2\/users\/1"}],"replies":[{"embeddable":true,"href":"https:\/\/ciudadstream.org\/wp-json\/wp\/v2\/comments?post=4638"}],"version-history":[{"count":1,"href":"https:\/\/ciudadstream.org\/wp-json\/wp\/v2\/posts\/4638\/revisions"}],"predecessor-version":[{"id":4640,"href":"https:\/\/ciudadstream.org\/wp-json\/wp\/v2\/posts\/4638\/revisions\/4640"}],"wp:featuredmedia":[{"embeddable":true,"href":"https:\/\/ciudadstream.org\/wp-json\/wp\/v2\/media\/4639"}],"wp:attachment":[{"href":"https:\/\/ciudadstream.org\/wp-json\/wp\/v2\/media?parent=4638"}],"wp:term":[{"taxonomy":"category","embeddable":true,"href":"https:\/\/ciudadstream.org\/wp-json\/wp\/v2\/categories?post=4638"},{"taxonomy":"post_tag","embeddable":true,"href":"https:\/\/ciudadstream.org\/wp-json\/wp\/v2\/tags?post=4638"}],"curies":[{"name":"wp","href":"https:\/\/api.w.org\/{rel}","templated":true}]}}