{"id":1827,"date":"2021-11-10T20:21:15","date_gmt":"2021-11-10T20:21:15","guid":{"rendered":"https:\/\/lacorregidora.com.mx\/?p=1827"},"modified":"2021-11-10T20:21:15","modified_gmt":"2021-11-10T20:21:15","slug":"invitan-a-foro-juvenil-en-morelia-para-el-cuidado-del-agua","status":"publish","type":"post","link":"https:\/\/ciudadstream.org\/2021\/11\/10\/invitan-a-foro-juvenil-en-morelia-para-el-cuidado-del-agua\/","title":{"rendered":"Invitan a Foro Juvenil en Morelia para el cuidado del agua"},"content":{"rendered":"\n<p>El evento contar\u00e1 con la presencia de cuatro ponentes expertos que expondr\u00e1n las principales problem\u00e1ticas sobre el tema en Michoac\u00e1n<\/p>\n\n\n\n<p>Morelia, Michoac\u00e1n-(OEM-Infomex).- El pr\u00f3ximo 13 de noviembre el Comit\u00e9 Estatal de Juventudes Michoac\u00e1n (Conaju) y la Asociaci\u00f3n de Trabajadores del estado (ATEM) realizar\u00e1n el primer Foro juvenil por el cuidado del agua para abordar las principales problem\u00e1ticas sobre este tema en la entidad.<\/p>\n\n\n\n<p>En rueda de prensa, el coordinador estatal del Conaju, Jos\u00e9 Gabriel Maldonado Prado, indic\u00f3 que el lugar del evento ser\u00e1 en el auditorio de basquetbol de la colonia Unidos Santa Cruz II en Morelia a las 9:30 horas.<\/p>\n\n\n\n<p>El Foro contar\u00e1 contar\u00e1 con la participaci\u00f3n de cuatro ponentes los cuales expondr\u00e1n los temas: Problem\u00e1tica de agua en el pa\u00eds, estado y municipio; La importancia de la cuenca hidrogr\u00e1fica y la Cautaci\u00f3n del agua.<\/p>\n\n\n\n<p>Maldonado Prado, refiri\u00f3 que hoy en d\u00eda en Morelia existe pozos del Ooapas que ya no cuentan con agua y en algunas colonias ha habido un desabasto de este elemento de hasta un 50 por ciento, por ende, afirm\u00f3 que es un tema al que se debe prestar atenci\u00f3n porque cada vez m\u00e1s est\u00e1 escaseando.<\/p>\n\n\n\n<p>El coordinador asever\u00f3 que en el pa\u00eds no se le toma la importancia que se le debe, por lo que en primera instancia el foro tiene el objetivo de hacer una llamado a la conciencia de la poblaci\u00f3n en general.<\/p>\n\n\n\n<p>Refiri\u00f3 que prev\u00e9n la asistencia de 200 personas al evento, adem\u00e1s invitaron a diputados y dirigentes de algunos partidos, \u201csobre todo porque ellos son los que se encargan de crear las leyes\u201d.<\/p>\n\n\n\n<p>Los ponentes del evento son el bi\u00f3logo de la Comisi\u00f3n Estatal de Gesti\u00f3n de Agua y Cuenca, Juli\u00e1n Mart\u00ednez Rojas, el ingeniero Francisco Javier Jara Garc\u00eda y Javier Maldonado Prado, as\u00ed como el licenciado Salvador \u00c1vila Garc\u00eda, director general del centro de cultura ambiental en el Parque La Planta.<\/p>\n","protected":false},"excerpt":{"rendered":"<p>El evento contar\u00e1 con la presencia de cuatro ponentes expertos que expondr\u00e1n las principales problem\u00e1ticas sobre el tema en Michoac\u00e1n Morelia, Michoac\u00e1n-(OEM-Infomex).- El pr\u00f3ximo 13 de noviembre el Comit\u00e9 Estatal de Juventudes Michoac\u00e1n (Conaju) y la Asociaci\u00f3n de Trabajadores del estado (ATEM) realizar\u00e1n el primer Foro juvenil por el cuidado del agua para abordar las [&hellip;]<\/p>\n","protected":false},"author":1,"featured_media":1828,"comment_status":"open","ping_status":"open","sticky":false,"template":"","format":"standard","meta":{"footnotes":""},"categories":[13],"tags":[],"class_list":["post-1827","post","type-post","status-publish","format-standard","has-post-thumbnail","hentry","category-nacional"],"_links":{"self":[{"href":"https:\/\/ciudadstream.org\/wp-json\/wp\/v2\/posts\/1827","targetHints":{"allow":["GET"]}}],"collection":[{"href":"https:\/\/ciudadstream.org\/wp-json\/wp\/v2\/posts"}],"about":[{"href":"https:\/\/ciudadstream.org\/wp-json\/wp\/v2\/types\/post"}],"author":[{"embeddable":true,"href":"https:\/\/ciudadstream.org\/wp-json\/wp\/v2\/users\/1"}],"replies":[{"embeddable":true,"href":"https:\/\/ciudadstream.org\/wp-json\/wp\/v2\/comments?post=1827"}],"version-history":[{"count":1,"href":"https:\/\/ciudadstream.org\/wp-json\/wp\/v2\/posts\/1827\/revisions"}],"predecessor-version":[{"id":1829,"href":"https:\/\/ciudadstream.org\/wp-json\/wp\/v2\/posts\/1827\/revisions\/1829"}],"wp:featuredmedia":[{"embeddable":true,"href":"https:\/\/ciudadstream.org\/wp-json\/wp\/v2\/media\/1828"}],"wp:attachment":[{"href":"https:\/\/ciudadstream.org\/wp-json\/wp\/v2\/media?parent=1827"}],"wp:term":[{"taxonomy":"category","embeddable":true,"href":"https:\/\/ciudadstream.org\/wp-json\/wp\/v2\/categories?post=1827"},{"taxonomy":"post_tag","embeddable":true,"href":"https:\/\/ciudadstream.org\/wp-json\/wp\/v2\/tags?post=1827"}],"curies":[{"name":"wp","href":"https:\/\/api.w.org\/{rel}","templated":true}]}}