{"id":1818,"date":"2021-11-09T18:45:54","date_gmt":"2021-11-09T18:45:54","guid":{"rendered":"https:\/\/lacorregidora.com.mx\/?p=1818"},"modified":"2021-11-09T18:45:55","modified_gmt":"2021-11-09T18:45:55","slug":"ante-onu-lopez-obrador-anuncia-un-plan-mundial-de-fraternidad-y-bienestar","status":"publish","type":"post","link":"https:\/\/ciudadstream.org\/2021\/11\/09\/ante-onu-lopez-obrador-anuncia-un-plan-mundial-de-fraternidad-y-bienestar\/","title":{"rendered":"Ante ONU, L\u00f3pez Obrador anuncia un Plan Mundial de Fraternidad y Bienestar"},"content":{"rendered":"\n<p>Sostuvo el presidente que con esta propuesta que har\u00e1 M\u00e9xico a la Asamblea General se podr\u00e1 atender la pobreza en el mundo; recursos se podr\u00edan obtener por fondos voluntarios, indic\u00f3<\/p>\n\n\n\n<p>El presidente Andr\u00e9s Manuel L\u00f3pez Obrador llam\u00f3 a la Organizaci\u00f3n de las Naciones Unidas (ONU) a \u00abdespertar de su letargo y salga de la rutina\u00bb, por lo que anunci\u00f3 que M\u00e9xico presentar\u00e1 el Plan Mundial de Fraternidad y Bienestar para hacer frente a la pobreza en el mundo.<\/p>\n\n\n\n<p>El mandatario anunci\u00f3 que el objetivo es garantizar el derecho a una vida dignia a 750 millones de personas que sobreviven con menos de 2 d\u00f3lares diarios, por lo que la representaci\u00f3n de M\u00e9xico presentar\u00e1 esta propuesta a la Asamblea General del organismo.<\/p>\n\n\n\n<p>Es necesario que el Organismo despierte de su letargo y salga de la rutina, del formalismo, que se reforme y que denuncie, combata la corrupci\u00f3n en el mundo, que luche contra la desigualdad y el malestar social que cunden en el plantea. Con m\u00e1s decisi\u00f3n, profundidad, con m\u00e1s protagonismo y liderazgo, nunca en la historia esta organizaci\u00f3n se ha hecho algo sustancial en beneficio de los pobres, pero nunca es tarde para hacer justicia\u00bb, expres\u00f3 ante los repsentantes de la ONU.<\/p>\n\n\n\n<p>L\u00f3pez Obrador que los recursos se podr\u00edan obtener de un fondo procedente de las siguientes tres fuentes:<\/p>\n\n\n\n<p>Contribuci\u00f3n voluntaria anual de 4 por ciento de las fortunas de las mil personas m\u00e1s ricas del planeta<br>Contribuci\u00f3n voluntaria anual de 4 por ciento de las mil corporaciones m\u00e1s importantes<br>Contribuci\u00f3n del 0.2 por ciento del PIB de cada pa\u00eds integrante del G20<br>El mandatario mexicano inform\u00f3 que de concretarse este fondo, se podr\u00edan obtener cerca de 1 bill\u00f3n de d\u00f3lares; adem\u00e1s, dijo, la ONU podr\u00eda destinar un d\u00eda para otorgar reconocimientos de solidaridad a las personas, corporaciones y gobiernos que destaquen por su vocaci\u00f3n humanitaria para apoyar a financiar el Plan Mundial de Fraternidad y Bienestar.<\/p>\n\n\n\n<p>Indic\u00f3 adem\u00e1s que los apoyos econ\u00f3micos deber\u00edan ser entregados de manera directa a los beneficiarios, sin intermediaci\u00f3n alguna, pues organizaciones, en muchos casos \u00abel dinero se queda en aparatos burocr\u00e1ticos, en pagar oficinas de lujos, en mantener asesores o se desv\u00eda y termina por no llegar a los beneficiarios\u00bb.<\/p>\n\n\n\n<p>De acuerdo con la propuesta del presidente de M\u00e9xico, la entrega de recursos se podr\u00eda llevar a cabo mediante una tarjeta o monedero electr\u00f3nico personalizado.<\/p>\n\n\n\n<p>Adem\u00e1s, el Baco Mundial y el Fondo Monetario Internacional podr\u00edan colaborar en la creaci\u00f3n de la estructura requerida y desde 2023 hacer un censo de los m\u00e1s ponbres del munod y una vez definida la poblaci\u00f3n objetivo de cada pa\u00eds comenzar la distribuci\u00f3n de los apoyos para el otorgamiento de pensiones a adultos mayores, a ni\u00f1as y ni\u00f1os con discpacidad, becas a estudiantes, apoyos a sembradores y j\u00f3venes que trabajen como aprendices en actividades productivas, as\u00ed como hacer llegar vacunas y medicamentos gratuitos.<\/p>\n\n\n\n<p>No creo, lo digo con sinceridad, que alguno de los miembros permanentes de este Consejo de Seguridad se oponga a nuestra propuesta, pues \u00e9sta no se refiere a armas nucleares, invasiones militares, ni pone en riesgo la seguridad de ning\u00fan estado, por el contrario, buscar costruir estabilidad y paz por medio de la solidaridad con quienes m\u00e1s necesitan nuestra apoyo\u00bb, afirm\u00f3.<\/p>\n","protected":false},"excerpt":{"rendered":"<p>Sostuvo el presidente que con esta propuesta que har\u00e1 M\u00e9xico a la Asamblea General se podr\u00e1 atender la pobreza en el mundo; recursos se podr\u00edan obtener por fondos voluntarios, indic\u00f3 El presidente Andr\u00e9s Manuel L\u00f3pez Obrador llam\u00f3 a la Organizaci\u00f3n de las Naciones Unidas (ONU) a \u00abdespertar de su letargo y salga de la rutina\u00bb, [&hellip;]<\/p>\n","protected":false},"author":1,"featured_media":1819,"comment_status":"open","ping_status":"open","sticky":false,"template":"","format":"standard","meta":{"footnotes":""},"categories":[13],"tags":[],"class_list":["post-1818","post","type-post","status-publish","format-standard","has-post-thumbnail","hentry","category-nacional"],"_links":{"self":[{"href":"https:\/\/ciudadstream.org\/wp-json\/wp\/v2\/posts\/1818","targetHints":{"allow":["GET"]}}],"collection":[{"href":"https:\/\/ciudadstream.org\/wp-json\/wp\/v2\/posts"}],"about":[{"href":"https:\/\/ciudadstream.org\/wp-json\/wp\/v2\/types\/post"}],"author":[{"embeddable":true,"href":"https:\/\/ciudadstream.org\/wp-json\/wp\/v2\/users\/1"}],"replies":[{"embeddable":true,"href":"https:\/\/ciudadstream.org\/wp-json\/wp\/v2\/comments?post=1818"}],"version-history":[{"count":1,"href":"https:\/\/ciudadstream.org\/wp-json\/wp\/v2\/posts\/1818\/revisions"}],"predecessor-version":[{"id":1820,"href":"https:\/\/ciudadstream.org\/wp-json\/wp\/v2\/posts\/1818\/revisions\/1820"}],"wp:featuredmedia":[{"embeddable":true,"href":"https:\/\/ciudadstream.org\/wp-json\/wp\/v2\/media\/1819"}],"wp:attachment":[{"href":"https:\/\/ciudadstream.org\/wp-json\/wp\/v2\/media?parent=1818"}],"wp:term":[{"taxonomy":"category","embeddable":true,"href":"https:\/\/ciudadstream.org\/wp-json\/wp\/v2\/categories?post=1818"},{"taxonomy":"post_tag","embeddable":true,"href":"https:\/\/ciudadstream.org\/wp-json\/wp\/v2\/tags?post=1818"}],"curies":[{"name":"wp","href":"https:\/\/api.w.org\/{rel}","templated":true}]}}