{"id":1784,"date":"2021-10-29T17:09:43","date_gmt":"2021-10-29T17:09:43","guid":{"rendered":"https:\/\/lacorregidora.com.mx\/?p=1784"},"modified":"2021-10-29T17:09:44","modified_gmt":"2021-10-29T17:09:44","slug":"acusa-diputada-bloqueo-de-morena-para-cuestionar-al-auditor-superior-por-remodelacion-de-piso-12","status":"publish","type":"post","link":"https:\/\/ciudadstream.org\/2021\/10\/29\/acusa-diputada-bloqueo-de-morena-para-cuestionar-al-auditor-superior-por-remodelacion-de-piso-12\/","title":{"rendered":"Acusa diputada bloqueo de Morena para cuestionar al auditor superior por remodelaci\u00f3n de piso 12"},"content":{"rendered":"\n<p>In\u00e9s Parra Ju\u00e1rez se\u00f1al\u00f3 que compa\u00f1eros de su bancada le impidieron exigir la comparecencia de David Colmenares P\u00e1ramo por el presunto gasto en oficinas<\/p>\n\n\n\n<p>La diputada federal por Morena, In\u00e9s Parra Ju\u00e1rez, denunci\u00f3 que sus compa\u00f1eros de bancada que pertenecen a la Comisi\u00f3n de Vigilancia de la Auditor\u00eda Superior de la Federaci\u00f3n le impidieron subir a tribuna del Sal\u00f3n de Legisladores a pedir al auditor superior de la Federaci\u00f3n, David Colmenares P\u00e1ramo, que entregue el estudio t\u00e9cnico para remodelar todo el piso 12 del edificio que alberga las oficinas de la Auditoria Superior de la Federaci\u00f3n (ASF).<\/p>\n\n\n\n<p>En conferencia de prensa, la legisladora por Puebla se\u00f1al\u00f3 que su objetivo era pedir la comparecencias del auditor superior a ra\u00edz de una investigaci\u00f3n en la que se revela el uso de 2 millones 600 mil pesos para la remodelaci\u00f3n del piso 12 edificio de la ASF \u2013ubicado en la zona del Pedregal\u2013 en el que despacha el auditor.<\/p>\n\n\n\n<p>\u00abMis compa\u00f1eros me impidieron subir a la tribuna a exigirle al auditor David Colmenares P\u00e1ramo que comparezca y entregue el expediente t\u00e9cnico de la remodelaci\u00f3n. Los diputados de Morena dicen que esa investigaci\u00f3n es falsa. Entonces, si es falsa, pues que David Colmenares entregue el expediente que le solicito\u00bb, se\u00f1al\u00f3 Parra Ju\u00e1rez.<\/p>\n\n\n\n<p>La morenista indic\u00f3 que hay omisi\u00f3n por parte de sus compa\u00f1eros para que el titular de la ASF \u2013\u00f3rgano t\u00e9cnico de la C\u00e1mara de Diputados\u2013 comparezca por la remodelaci\u00f3n de un piso que pertenece a un edificio que es nuevo y cost\u00f3 dos mil millones de pesos.<\/p>\n\n\n\n<p>Al concluir la entrega del segundo informe de la Cuenta P\u00fablica 2020, David Colmenares P\u00e1ramo fue cuestionado sobre la necesidad de instalar una regadera en el piso 12, adem\u00e1s de quitar m\u00e1rmol y otros materiales al inmueble adquirido hace dos a\u00f1os.<\/p>\n\n\n\n<p>\u00abEs falso\u00bb, se limit\u00f3 a responder el funcionario y subi\u00f3 r\u00e1pidamente a su veh\u00edculo.<\/p>\n\n\n\n<p>En tanto, desde Morena, Miguel Prado de los Santos, integrante de la Comisi\u00f3n de la Auditor\u00eda Superior de la Federaci\u00f3n, asegur\u00f3 que su grupo parlamentario celebran que este \u00f3rgano aut\u00f3nomo auxiliar (ASF) de la C\u00e1mara de Diputados se haya sumado desde el 2018 a las medidas de austeridad implementadas por el gobierno federal, tal y como lo ordena la ley en la materia.<\/p>\n\n\n\n<p>Destac\u00f3 el reconocimiento en la reducci\u00f3n de las remuneraciones de mandos medios y superiores y beneficiando al personal con menores ingresos, \u00abque es la fuerza y el mayor recurso con los que cuenta esta entidad p\u00fablica, todo esto sin que disminuya su funcionamiento y efectividad a la hora de realizar la gran encomienda que tiene en sus manos\u00bb, de acuerdo con el diputado de Morena.<\/p>\n","protected":false},"excerpt":{"rendered":"<p>In\u00e9s Parra Ju\u00e1rez se\u00f1al\u00f3 que compa\u00f1eros de su bancada le impidieron exigir la comparecencia de David Colmenares P\u00e1ramo por el presunto gasto en oficinas La diputada federal por Morena, In\u00e9s Parra Ju\u00e1rez, denunci\u00f3 que sus compa\u00f1eros de bancada que pertenecen a la Comisi\u00f3n de Vigilancia de la Auditor\u00eda Superior de la Federaci\u00f3n le impidieron subir [&hellip;]<\/p>\n","protected":false},"author":1,"featured_media":1785,"comment_status":"open","ping_status":"open","sticky":false,"template":"","format":"standard","meta":{"footnotes":""},"categories":[13],"tags":[],"class_list":["post-1784","post","type-post","status-publish","format-standard","has-post-thumbnail","hentry","category-nacional"],"_links":{"self":[{"href":"https:\/\/ciudadstream.org\/wp-json\/wp\/v2\/posts\/1784","targetHints":{"allow":["GET"]}}],"collection":[{"href":"https:\/\/ciudadstream.org\/wp-json\/wp\/v2\/posts"}],"about":[{"href":"https:\/\/ciudadstream.org\/wp-json\/wp\/v2\/types\/post"}],"author":[{"embeddable":true,"href":"https:\/\/ciudadstream.org\/wp-json\/wp\/v2\/users\/1"}],"replies":[{"embeddable":true,"href":"https:\/\/ciudadstream.org\/wp-json\/wp\/v2\/comments?post=1784"}],"version-history":[{"count":1,"href":"https:\/\/ciudadstream.org\/wp-json\/wp\/v2\/posts\/1784\/revisions"}],"predecessor-version":[{"id":1786,"href":"https:\/\/ciudadstream.org\/wp-json\/wp\/v2\/posts\/1784\/revisions\/1786"}],"wp:featuredmedia":[{"embeddable":true,"href":"https:\/\/ciudadstream.org\/wp-json\/wp\/v2\/media\/1785"}],"wp:attachment":[{"href":"https:\/\/ciudadstream.org\/wp-json\/wp\/v2\/media?parent=1784"}],"wp:term":[{"taxonomy":"category","embeddable":true,"href":"https:\/\/ciudadstream.org\/wp-json\/wp\/v2\/categories?post=1784"},{"taxonomy":"post_tag","embeddable":true,"href":"https:\/\/ciudadstream.org\/wp-json\/wp\/v2\/tags?post=1784"}],"curies":[{"name":"wp","href":"https:\/\/api.w.org\/{rel}","templated":true}]}}